{"id":332,"date":"2023-11-15T19:10:33","date_gmt":"2023-11-15T18:10:33","guid":{"rendered":"https:\/\/paulinebellangerpsychologue.fr\/?p=332"},"modified":"2023-11-15T19:10:34","modified_gmt":"2023-11-15T18:10:34","slug":"se-defaire-de-ses-etiquettes","status":"publish","type":"post","link":"https:\/\/paulinebellangerpsychologue.fr\/index.php\/2023\/11\/15\/se-defaire-de-ses-etiquettes\/","title":{"rendered":"Se d\u00e9faire de ses \u00e9tiquettes"},"content":{"rendered":"\n<h2 class=\"wp-block-heading\">Les \u00e9tiquettes que nous vivons <\/h2>\n\n\n\n<p>Je suis d\u00e9pressif.<br>Je me sens d\u00e9prim\u00e9, j\u2019ai des sympt\u00f4mes d\u00e9pressifs.<\/p>\n\n\n\n<p>Je suis handicap\u00e9.<br>Je vis avec un handicap.<\/p>\n\n\n\n<p>Je suis aga\u00e7ant et col\u00e9rique.<br>La col\u00e8re m\u2019aide \u00e0 exprimer mes besoins.<\/p>\n\n\n\n<p>Je suis malade.<br>J\u2019ai attrap\u00e9 une maladie.<\/p>\n\n\n\n<p>Je suis hypersensible.<br>J\u2019ai une sensibilit\u00e9 propre \u00e0 certaines situations.<\/p>\n\n\n\n<p>Je suis r\u00e9duit \u00e0 une \u00e9tiquette.<br>Je suis un \u00eatre humain, une personne avec des forces, des ressources et des qualit\u00e9s qui me sont propres.<\/p>\n\n\n\n<h2 class=\"wp-block-heading\">Sortir de ce fardeau<\/h2>\n\n\n\n<p>Sortir du fardeau des \u00e9tiquettes que nous nous sommes mises, que la soci\u00e9t\u00e9 nous a coll\u00e9es, ou que notre \u00e9ducation nous a impos\u00e9es.<br>Les \u00e9tiquettes, si elles nous donnent l&rsquo;impression de mieux nous conna\u00eetre et nous proposent des raccourcis tentants sont souvent n\u00e9gatives : elles nous enferment dans un r\u00f4le.<br>Ce r\u00f4le est r\u00e9guli\u00e8rement dict\u00e9 par les diff\u00e9rentes normes sociales que nous nous sommes fix\u00e9es.<br>Nous nous for\u00e7ons inconsciemment \u00e0 coller aux st\u00e9r\u00e9otypes de nos \u00e9tiquettes, pour nous conformer \u00e0 ce que l\u2019on attend de nous.<br>Et nous ne nous autorisons que trop rarement \u00e0 en d\u00e9vier.<\/p>\n\n\n\n<p>Parfois ces \u00e9tiquettes sont tellement pr\u00e9sentes, qu\u2019elles englobent toute notre personnalit\u00e9. Il nous suffit alors de dresser la liste de nos \u00e9tiquettes lorsque nous nous pr\u00e9sentons, et les personnes que nous rencontrons ne voient plus que \u00e7a en nous.<\/p>\n\n\n\n<p>Notre cerveau est format\u00e9 et habitu\u00e9 \u00e0 chercher les chemins les plus courts et \u00e0 cr\u00e9er des raccourcis dans notre esprit. Nous synth\u00e9tisons les informations ext\u00e9rieures et nos pens\u00e9es pour les ranger plus facilement dans notre m\u00e9moire.<br>Cependant, toutes nos pens\u00e9es vont participer \u00e0 la formation de \u00ab qui nous sommes \u00bb. \u00c0 l\u2019image mentale que nous nous faisons de nous-m\u00eames.<br>Les mots que nous employons au quotidien pour nous d\u00e9crire ont un poids \u00e9norme, et un impact parfois consid\u00e9rable sur la construction de qui nous sommes.<\/p>\n\n\n\n<p>Ainsi, se dire \u00ab je suis d\u00e9pressif \u00bb, r\u00e9duit tout notre \u2018soi\u2019, tout notre \u2018\u00eatre\u2019 \u00e0 cette \u00e9tiquette de d\u00e9pressif.<br>Toutes nos actions vont \u00eatre alors interpr\u00e9t\u00e9es dans ce sens par notre cerveau.<\/p>\n\n\n\n<p>Par exemple : \u00abje suis fatigu\u00e9e, parce que je suis d\u00e9pressif\u00bb, \u00abJe ne suis pas sorti aujourd\u2019hui, parce que je suis d\u00e9pressif\u00bb, \u00ab je ne vais plus pouvoir rien faire parce que je suis d\u00e9pressif \u00bb.<\/p>\n\n\n\n<p>De m\u00eame, les \u00e9tiquettes qui nous dissimulent, induisent chez l\u2019autre une cat\u00e9gorisation de qui nous sommes et de comment nous devrions \u00eatre.<br>Tout ce que nous allons faire ou dire sera interpr\u00e9t\u00e9 et exacerb\u00e9 par ce que nous montrons.<\/p>\n\n\n\n<p>Par exemple : \u00ab S\u2019il ne joue plus avec nous, c\u2019est parce qu\u2019il est d\u00e9pressif \u00bb , \u00ab Hier il s\u2019est \u00e9nerv\u00e9 contre moi, mais c\u2019est juste parce qu\u2019il est d\u00e9pressif. \u00bb<\/p>\n\n\n\n<p>Le changement de point de vue et la prise de distance, en changeant cette simple phrase de \u00ab je suis\u2026 \u00bb par \u00ab je me sens\u2026 \u00bb, permet \u00e0 notre conscient de dire \u00e0 notre inconscient de prendre de la distance et de nous remettre dans notre juste place d\u2019\u00eatre humain.<\/p>\n\n\n\n<p>C&rsquo;est reprendre le contr\u00f4le de qui nous sommes. <\/p>\n\n\n\n<p>\u00c0 mon sens, une th\u00e9rapie est aussi l\u00e0 pour nous aider \u00e0 incarner notre individualit\u00e9 enti\u00e8rement. \u00c0 trouver et \u00e0 d\u00e9coller toutes ces \u00e9tiquettes qui cachent notre vrai nous, qui nous r\u00e9duisent \u00e0 ce que nous ne sommes pas r\u00e9ellement.<\/p>\n\n\n\n<p>Prendre cette distance, c\u2019est accepter que :<\/p>\n\n\n\n<ul class=\"wp-block-list\">\n<li>une \u00e9motion est un \u00e9tat corporel et psychologique et elle ne nous d\u00e9finit pas en tant qu\u2019individu.<\/li>\n\n\n\n<li>une maladie peut \u00eatre chronique, passag\u00e8re, grave, gu\u00e9rissable, ou incurable, mais elle ne nous r\u00e9duit pas \u00e0 elle.<\/li>\n\n\n\n<li>un diagnostic psychiatrique peut expliquer certains \u00e9tats, sympt\u00f4mes, ou r\u00e9actions mais il ne nous d\u00e9crit pas en tant que personne.<\/li>\n\n\n\n<li>un comportement est une r\u00e9action logique \u00e0 une \u00e9motion et une situation, mais il n&rsquo;annonce pas tous nos futurs comportements.<\/li>\n\n\n\n<li>une erreur au travail ou une mauvaise note est le signe d\u2019une difficult\u00e9 dans un domaine, mais ne pr\u00e9dit pas tout notre parcours.<\/li>\n<\/ul>\n\n\n\n<p>S\u2019incarner, c\u2019est accepter d\u2019\u00eatre travers\u00e9s par un tas d\u2019exp\u00e9riences qui vont nous enrichir et nous faire grandir, nous \u00e9lever sans nous r\u00e9duire \u00e0 un seul et m\u00eame aspect de notre vie.<\/p>\n\n\n\n<p>C&rsquo;est accepter la complexit\u00e9 de nos \u00e9tats internes.<\/p>\n","protected":false},"excerpt":{"rendered":"<p>Les \u00e9tiquettes que nous vivons Je suis d\u00e9pressif.Je me sens d\u00e9prim\u00e9, j\u2019ai des sympt\u00f4mes d\u00e9pressifs. Je suis handicap\u00e9.Je vis avec un handicap. Je suis aga\u00e7ant et col\u00e9rique.La col\u00e8re m\u2019aide \u00e0 exprimer mes besoins. Je suis malade.J\u2019ai attrap\u00e9 une maladie. Je suis hypersensible.J\u2019ai une sensibilit\u00e9 propre \u00e0 certaines situations. Je suis [&hellip;]<\/p>\n","protected":false},"author":1,"featured_media":334,"comment_status":"open","ping_status":"open","sticky":false,"template":"","format":"standard","meta":{"footnotes":""},"categories":[15,13],"tags":[17],"class_list":["post-332","post","type-post","status-publish","format-standard","has-post-thumbnail","hentry","category-emotion","category-psychologie","tag-etiquettes"],"yoast_head":"<!-- This site is optimized with the Yoast SEO plugin v26.8 - https:\/\/yoast.com\/product\/yoast-seo-wordpress\/ -->\n<title>Se d\u00e9faire de ses \u00e9tiquettes<\/title>\n<meta name=\"description\" content=\"Les \u00e9tiquettes nous enferment et nous r\u00e9duisent \u00e0 un \u00e9tat, un comportement. Il est important de chercher \u00e0 s&#039;en d\u00e9faire.\" \/>\n<meta name=\"robots\" content=\"index, follow, max-snippet:-1, max-image-preview:large, max-video-preview:-1\" \/>\n<link rel=\"canonical\" href=\"https:\/\/paulinebellangerpsychologue.fr\/index.php\/2023\/11\/15\/se-defaire-de-ses-etiquettes\/\" \/>\n<meta property=\"og:locale\" content=\"fr_FR\" \/>\n<meta property=\"og:type\" content=\"article\" \/>\n<meta property=\"og:title\" content=\"Se d\u00e9faire de ses \u00e9tiquettes\" \/>\n<meta property=\"og:description\" content=\"Les \u00e9tiquettes nous enferment et nous r\u00e9duisent \u00e0 un \u00e9tat, un comportement. Il est important de chercher \u00e0 s&#039;en d\u00e9faire.\" \/>\n<meta property=\"og:url\" content=\"https:\/\/paulinebellangerpsychologue.fr\/index.php\/2023\/11\/15\/se-defaire-de-ses-etiquettes\/\" \/>\n<meta property=\"og:site_name\" content=\"Pauline Bellanger Psychologue Clinicienne\" \/>\n<meta property=\"article:publisher\" content=\"https:\/\/www.facebook.com\/profile.php?id=100090702875443\" \/>\n<meta property=\"article:author\" content=\"https:\/\/www.facebook.com\/profile.php?id=100090702875443\" \/>\n<meta property=\"article:published_time\" content=\"2023-11-15T18:10:33+00:00\" \/>\n<meta property=\"article:modified_time\" content=\"2023-11-15T18:10:34+00:00\" \/>\n<meta property=\"og:image\" content=\"https:\/\/paulinebellangerpsychologue.fr\/wp-content\/uploads\/2023\/11\/heather-newsom-uMnNKaOOoSA-unsplash.jpg\" \/>\n\t<meta property=\"og:image:width\" content=\"1920\" \/>\n\t<meta property=\"og:image:height\" content=\"1440\" \/>\n\t<meta property=\"og:image:type\" content=\"image\/jpeg\" \/>\n<meta name=\"author\" content=\"Pauline\" \/>\n<meta name=\"twitter:card\" content=\"summary_large_image\" \/>\n<meta name=\"twitter:label1\" content=\"\u00c9crit par\" \/>\n\t<meta name=\"twitter:data1\" content=\"Pauline\" \/>\n\t<meta name=\"twitter:label2\" content=\"Dur\u00e9e de lecture estim\u00e9e\" \/>\n\t<meta name=\"twitter:data2\" content=\"4 minutes\" \/>\n<script type=\"application\/ld+json\" class=\"yoast-schema-graph\">{\"@context\":\"https:\/\/schema.org\",\"@graph\":[{\"@type\":\"Article\",\"@id\":\"https:\/\/paulinebellangerpsychologue.fr\/index.php\/2023\/11\/15\/se-defaire-de-ses-etiquettes\/#article\",\"isPartOf\":{\"@id\":\"https:\/\/paulinebellangerpsychologue.fr\/index.php\/2023\/11\/15\/se-defaire-de-ses-etiquettes\/\"},\"author\":{\"name\":\"Pauline\",\"@id\":\"https:\/\/paulinebellangerpsychologue.fr\/#\/schema\/person\/07c062789b4d5830ca2b06afd5046597\"},\"headline\":\"Se d\u00e9faire de ses \u00e9tiquettes\",\"datePublished\":\"2023-11-15T18:10:33+00:00\",\"dateModified\":\"2023-11-15T18:10:34+00:00\",\"mainEntityOfPage\":{\"@id\":\"https:\/\/paulinebellangerpsychologue.fr\/index.php\/2023\/11\/15\/se-defaire-de-ses-etiquettes\/\"},\"wordCount\":745,\"commentCount\":0,\"publisher\":{\"@id\":\"https:\/\/paulinebellangerpsychologue.fr\/#\/schema\/person\/07c062789b4d5830ca2b06afd5046597\"},\"image\":{\"@id\":\"https:\/\/paulinebellangerpsychologue.fr\/index.php\/2023\/11\/15\/se-defaire-de-ses-etiquettes\/#primaryimage\"},\"thumbnailUrl\":\"https:\/\/paulinebellangerpsychologue.fr\/wp-content\/uploads\/2023\/11\/heather-newsom-uMnNKaOOoSA-unsplash.jpg\",\"keywords\":[\"\u00e9tiquettes\"],\"articleSection\":[\"Emotion\",\"Psychologie\"],\"inLanguage\":\"fr-FR\",\"potentialAction\":[{\"@type\":\"CommentAction\",\"name\":\"Comment\",\"target\":[\"https:\/\/paulinebellangerpsychologue.fr\/index.php\/2023\/11\/15\/se-defaire-de-ses-etiquettes\/#respond\"]}]},{\"@type\":\"WebPage\",\"@id\":\"https:\/\/paulinebellangerpsychologue.fr\/index.php\/2023\/11\/15\/se-defaire-de-ses-etiquettes\/\",\"url\":\"https:\/\/paulinebellangerpsychologue.fr\/index.php\/2023\/11\/15\/se-defaire-de-ses-etiquettes\/\",\"name\":\"Se d\u00e9faire de ses \u00e9tiquettes\",\"isPartOf\":{\"@id\":\"https:\/\/paulinebellangerpsychologue.fr\/#website\"},\"primaryImageOfPage\":{\"@id\":\"https:\/\/paulinebellangerpsychologue.fr\/index.php\/2023\/11\/15\/se-defaire-de-ses-etiquettes\/#primaryimage\"},\"image\":{\"@id\":\"https:\/\/paulinebellangerpsychologue.fr\/index.php\/2023\/11\/15\/se-defaire-de-ses-etiquettes\/#primaryimage\"},\"thumbnailUrl\":\"https:\/\/paulinebellangerpsychologue.fr\/wp-content\/uploads\/2023\/11\/heather-newsom-uMnNKaOOoSA-unsplash.jpg\",\"datePublished\":\"2023-11-15T18:10:33+00:00\",\"dateModified\":\"2023-11-15T18:10:34+00:00\",\"description\":\"Les \u00e9tiquettes nous enferment et nous r\u00e9duisent \u00e0 un \u00e9tat, un comportement. Il est important de chercher \u00e0 s'en d\u00e9faire.\",\"breadcrumb\":{\"@id\":\"https:\/\/paulinebellangerpsychologue.fr\/index.php\/2023\/11\/15\/se-defaire-de-ses-etiquettes\/#breadcrumb\"},\"inLanguage\":\"fr-FR\",\"potentialAction\":[{\"@type\":\"ReadAction\",\"target\":[\"https:\/\/paulinebellangerpsychologue.fr\/index.php\/2023\/11\/15\/se-defaire-de-ses-etiquettes\/\"]}]},{\"@type\":\"ImageObject\",\"inLanguage\":\"fr-FR\",\"@id\":\"https:\/\/paulinebellangerpsychologue.fr\/index.php\/2023\/11\/15\/se-defaire-de-ses-etiquettes\/#primaryimage\",\"url\":\"https:\/\/paulinebellangerpsychologue.fr\/wp-content\/uploads\/2023\/11\/heather-newsom-uMnNKaOOoSA-unsplash.jpg\",\"contentUrl\":\"https:\/\/paulinebellangerpsychologue.fr\/wp-content\/uploads\/2023\/11\/heather-newsom-uMnNKaOOoSA-unsplash.jpg\",\"width\":1920,\"height\":1440},{\"@type\":\"BreadcrumbList\",\"@id\":\"https:\/\/paulinebellangerpsychologue.fr\/index.php\/2023\/11\/15\/se-defaire-de-ses-etiquettes\/#breadcrumb\",\"itemListElement\":[{\"@type\":\"ListItem\",\"position\":1,\"name\":\"Accueil\",\"item\":\"https:\/\/paulinebellangerpsychologue.fr\/\"},{\"@type\":\"ListItem\",\"position\":2,\"name\":\"Se d\u00e9faire de ses \u00e9tiquettes\"}]},{\"@type\":\"WebSite\",\"@id\":\"https:\/\/paulinebellangerpsychologue.fr\/#website\",\"url\":\"https:\/\/paulinebellangerpsychologue.fr\/\",\"name\":\"Pauline Bellanger Psychologue Clinicienne\",\"description\":\"Psychologue clinicienne\",\"publisher\":{\"@id\":\"https:\/\/paulinebellangerpsychologue.fr\/#\/schema\/person\/07c062789b4d5830ca2b06afd5046597\"},\"potentialAction\":[{\"@type\":\"SearchAction\",\"target\":{\"@type\":\"EntryPoint\",\"urlTemplate\":\"https:\/\/paulinebellangerpsychologue.fr\/?s={search_term_string}\"},\"query-input\":{\"@type\":\"PropertyValueSpecification\",\"valueRequired\":true,\"valueName\":\"search_term_string\"}}],\"inLanguage\":\"fr-FR\"},{\"@type\":[\"Person\",\"Organization\"],\"@id\":\"https:\/\/paulinebellangerpsychologue.fr\/#\/schema\/person\/07c062789b4d5830ca2b06afd5046597\",\"name\":\"Pauline\",\"image\":{\"@type\":\"ImageObject\",\"inLanguage\":\"fr-FR\",\"@id\":\"https:\/\/paulinebellangerpsychologue.fr\/#\/schema\/person\/image\/\",\"url\":\"http:\/\/paulinebellangerpsychologue.fr\/wp-content\/uploads\/2022\/07\/cropped-Pauline-Bellanger-Psychologue-Logo_Logo-Couleurs-1.jpg\",\"contentUrl\":\"http:\/\/paulinebellangerpsychologue.fr\/wp-content\/uploads\/2022\/07\/cropped-Pauline-Bellanger-Psychologue-Logo_Logo-Couleurs-1.jpg\",\"width\":852,\"height\":959,\"caption\":\"Pauline\"},\"logo\":{\"@id\":\"https:\/\/paulinebellangerpsychologue.fr\/#\/schema\/person\/image\/\"},\"sameAs\":[\"http:\/\/paulinebellangerpsychologue.fr\",\"https:\/\/www.facebook.com\/profile.php?id=100090702875443\",\"https:\/\/www.instagram.com\/pauline_bellanger_psychologue\/\"],\"url\":\"https:\/\/paulinebellangerpsychologue.fr\/index.php\/author\/admin1774\/\"}]}<\/script>\n<!-- \/ Yoast SEO plugin. -->","yoast_head_json":{"title":"Se d\u00e9faire de ses \u00e9tiquettes","description":"Les \u00e9tiquettes nous enferment et nous r\u00e9duisent \u00e0 un \u00e9tat, un comportement. Il est important de chercher \u00e0 s'en d\u00e9faire.","robots":{"index":"index","follow":"follow","max-snippet":"max-snippet:-1","max-image-preview":"max-image-preview:large","max-video-preview":"max-video-preview:-1"},"canonical":"https:\/\/paulinebellangerpsychologue.fr\/index.php\/2023\/11\/15\/se-defaire-de-ses-etiquettes\/","og_locale":"fr_FR","og_type":"article","og_title":"Se d\u00e9faire de ses \u00e9tiquettes","og_description":"Les \u00e9tiquettes nous enferment et nous r\u00e9duisent \u00e0 un \u00e9tat, un comportement. Il est important de chercher \u00e0 s'en d\u00e9faire.","og_url":"https:\/\/paulinebellangerpsychologue.fr\/index.php\/2023\/11\/15\/se-defaire-de-ses-etiquettes\/","og_site_name":"Pauline Bellanger Psychologue Clinicienne","article_publisher":"https:\/\/www.facebook.com\/profile.php?id=100090702875443","article_author":"https:\/\/www.facebook.com\/profile.php?id=100090702875443","article_published_time":"2023-11-15T18:10:33+00:00","article_modified_time":"2023-11-15T18:10:34+00:00","og_image":[{"width":1920,"height":1440,"url":"https:\/\/paulinebellangerpsychologue.fr\/wp-content\/uploads\/2023\/11\/heather-newsom-uMnNKaOOoSA-unsplash.jpg","type":"image\/jpeg"}],"author":"Pauline","twitter_card":"summary_large_image","twitter_misc":{"\u00c9crit par":"Pauline","Dur\u00e9e de lecture estim\u00e9e":"4 minutes"},"schema":{"@context":"https:\/\/schema.org","@graph":[{"@type":"Article","@id":"https:\/\/paulinebellangerpsychologue.fr\/index.php\/2023\/11\/15\/se-defaire-de-ses-etiquettes\/#article","isPartOf":{"@id":"https:\/\/paulinebellangerpsychologue.fr\/index.php\/2023\/11\/15\/se-defaire-de-ses-etiquettes\/"},"author":{"name":"Pauline","@id":"https:\/\/paulinebellangerpsychologue.fr\/#\/schema\/person\/07c062789b4d5830ca2b06afd5046597"},"headline":"Se d\u00e9faire de ses \u00e9tiquettes","datePublished":"2023-11-15T18:10:33+00:00","dateModified":"2023-11-15T18:10:34+00:00","mainEntityOfPage":{"@id":"https:\/\/paulinebellangerpsychologue.fr\/index.php\/2023\/11\/15\/se-defaire-de-ses-etiquettes\/"},"wordCount":745,"commentCount":0,"publisher":{"@id":"https:\/\/paulinebellangerpsychologue.fr\/#\/schema\/person\/07c062789b4d5830ca2b06afd5046597"},"image":{"@id":"https:\/\/paulinebellangerpsychologue.fr\/index.php\/2023\/11\/15\/se-defaire-de-ses-etiquettes\/#primaryimage"},"thumbnailUrl":"https:\/\/paulinebellangerpsychologue.fr\/wp-content\/uploads\/2023\/11\/heather-newsom-uMnNKaOOoSA-unsplash.jpg","keywords":["\u00e9tiquettes"],"articleSection":["Emotion","Psychologie"],"inLanguage":"fr-FR","potentialAction":[{"@type":"CommentAction","name":"Comment","target":["https:\/\/paulinebellangerpsychologue.fr\/index.php\/2023\/11\/15\/se-defaire-de-ses-etiquettes\/#respond"]}]},{"@type":"WebPage","@id":"https:\/\/paulinebellangerpsychologue.fr\/index.php\/2023\/11\/15\/se-defaire-de-ses-etiquettes\/","url":"https:\/\/paulinebellangerpsychologue.fr\/index.php\/2023\/11\/15\/se-defaire-de-ses-etiquettes\/","name":"Se d\u00e9faire de ses \u00e9tiquettes","isPartOf":{"@id":"https:\/\/paulinebellangerpsychologue.fr\/#website"},"primaryImageOfPage":{"@id":"https:\/\/paulinebellangerpsychologue.fr\/index.php\/2023\/11\/15\/se-defaire-de-ses-etiquettes\/#primaryimage"},"image":{"@id":"https:\/\/paulinebellangerpsychologue.fr\/index.php\/2023\/11\/15\/se-defaire-de-ses-etiquettes\/#primaryimage"},"thumbnailUrl":"https:\/\/paulinebellangerpsychologue.fr\/wp-content\/uploads\/2023\/11\/heather-newsom-uMnNKaOOoSA-unsplash.jpg","datePublished":"2023-11-15T18:10:33+00:00","dateModified":"2023-11-15T18:10:34+00:00","description":"Les \u00e9tiquettes nous enferment et nous r\u00e9duisent \u00e0 un \u00e9tat, un comportement. Il est important de chercher \u00e0 s'en d\u00e9faire.","breadcrumb":{"@id":"https:\/\/paulinebellangerpsychologue.fr\/index.php\/2023\/11\/15\/se-defaire-de-ses-etiquettes\/#breadcrumb"},"inLanguage":"fr-FR","potentialAction":[{"@type":"ReadAction","target":["https:\/\/paulinebellangerpsychologue.fr\/index.php\/2023\/11\/15\/se-defaire-de-ses-etiquettes\/"]}]},{"@type":"ImageObject","inLanguage":"fr-FR","@id":"https:\/\/paulinebellangerpsychologue.fr\/index.php\/2023\/11\/15\/se-defaire-de-ses-etiquettes\/#primaryimage","url":"https:\/\/paulinebellangerpsychologue.fr\/wp-content\/uploads\/2023\/11\/heather-newsom-uMnNKaOOoSA-unsplash.jpg","contentUrl":"https:\/\/paulinebellangerpsychologue.fr\/wp-content\/uploads\/2023\/11\/heather-newsom-uMnNKaOOoSA-unsplash.jpg","width":1920,"height":1440},{"@type":"BreadcrumbList","@id":"https:\/\/paulinebellangerpsychologue.fr\/index.php\/2023\/11\/15\/se-defaire-de-ses-etiquettes\/#breadcrumb","itemListElement":[{"@type":"ListItem","position":1,"name":"Accueil","item":"https:\/\/paulinebellangerpsychologue.fr\/"},{"@type":"ListItem","position":2,"name":"Se d\u00e9faire de ses \u00e9tiquettes"}]},{"@type":"WebSite","@id":"https:\/\/paulinebellangerpsychologue.fr\/#website","url":"https:\/\/paulinebellangerpsychologue.fr\/","name":"Pauline Bellanger Psychologue Clinicienne","description":"Psychologue clinicienne","publisher":{"@id":"https:\/\/paulinebellangerpsychologue.fr\/#\/schema\/person\/07c062789b4d5830ca2b06afd5046597"},"potentialAction":[{"@type":"SearchAction","target":{"@type":"EntryPoint","urlTemplate":"https:\/\/paulinebellangerpsychologue.fr\/?s={search_term_string}"},"query-input":{"@type":"PropertyValueSpecification","valueRequired":true,"valueName":"search_term_string"}}],"inLanguage":"fr-FR"},{"@type":["Person","Organization"],"@id":"https:\/\/paulinebellangerpsychologue.fr\/#\/schema\/person\/07c062789b4d5830ca2b06afd5046597","name":"Pauline","image":{"@type":"ImageObject","inLanguage":"fr-FR","@id":"https:\/\/paulinebellangerpsychologue.fr\/#\/schema\/person\/image\/","url":"http:\/\/paulinebellangerpsychologue.fr\/wp-content\/uploads\/2022\/07\/cropped-Pauline-Bellanger-Psychologue-Logo_Logo-Couleurs-1.jpg","contentUrl":"http:\/\/paulinebellangerpsychologue.fr\/wp-content\/uploads\/2022\/07\/cropped-Pauline-Bellanger-Psychologue-Logo_Logo-Couleurs-1.jpg","width":852,"height":959,"caption":"Pauline"},"logo":{"@id":"https:\/\/paulinebellangerpsychologue.fr\/#\/schema\/person\/image\/"},"sameAs":["http:\/\/paulinebellangerpsychologue.fr","https:\/\/www.facebook.com\/profile.php?id=100090702875443","https:\/\/www.instagram.com\/pauline_bellanger_psychologue\/"],"url":"https:\/\/paulinebellangerpsychologue.fr\/index.php\/author\/admin1774\/"}]}},"_links":{"self":[{"href":"https:\/\/paulinebellangerpsychologue.fr\/index.php\/wp-json\/wp\/v2\/posts\/332","targetHints":{"allow":["GET"]}}],"collection":[{"href":"https:\/\/paulinebellangerpsychologue.fr\/index.php\/wp-json\/wp\/v2\/posts"}],"about":[{"href":"https:\/\/paulinebellangerpsychologue.fr\/index.php\/wp-json\/wp\/v2\/types\/post"}],"author":[{"embeddable":true,"href":"https:\/\/paulinebellangerpsychologue.fr\/index.php\/wp-json\/wp\/v2\/users\/1"}],"replies":[{"embeddable":true,"href":"https:\/\/paulinebellangerpsychologue.fr\/index.php\/wp-json\/wp\/v2\/comments?post=332"}],"version-history":[{"count":1,"href":"https:\/\/paulinebellangerpsychologue.fr\/index.php\/wp-json\/wp\/v2\/posts\/332\/revisions"}],"predecessor-version":[{"id":335,"href":"https:\/\/paulinebellangerpsychologue.fr\/index.php\/wp-json\/wp\/v2\/posts\/332\/revisions\/335"}],"wp:featuredmedia":[{"embeddable":true,"href":"https:\/\/paulinebellangerpsychologue.fr\/index.php\/wp-json\/wp\/v2\/media\/334"}],"wp:attachment":[{"href":"https:\/\/paulinebellangerpsychologue.fr\/index.php\/wp-json\/wp\/v2\/media?parent=332"}],"wp:term":[{"taxonomy":"category","embeddable":true,"href":"https:\/\/paulinebellangerpsychologue.fr\/index.php\/wp-json\/wp\/v2\/categories?post=332"},{"taxonomy":"post_tag","embeddable":true,"href":"https:\/\/paulinebellangerpsychologue.fr\/index.php\/wp-json\/wp\/v2\/tags?post=332"}],"curies":[{"name":"wp","href":"https:\/\/api.w.org\/{rel}","templated":true}]}}